{"id":20,"date":"2017-01-08T09:53:57","date_gmt":"2017-01-08T09:53:57","guid":{"rendered":"http:\/\/blogi.annaedasi.ee\/?p=20"},"modified":"2017-01-09T06:37:28","modified_gmt":"2017-01-09T06:37:28","slug":"test","status":"publish","type":"post","link":"http:\/\/blogi.annaedasi.ee\/?p=20","title":{"rendered":"Esimene postitus"},"content":{"rendered":"<p>Uuel aastal uue hooga!<\/p>\n<p>Kui Te n\u00fc\u00fcd arvate, et Anna Edasi on liikunud edasi eneseimetluse valdkonnas siis eksite. Meie soov on blogis anda edasi m\u00f5tteid ja arvamusi, mitte n\u00e4idata seda, kui ilusad toredad ja head me oleme. See otsustamine j\u00e4\u00e4b pigem Teie kanda.<\/p>\n<p>Meie eesm\u00e4rk on siia panna kirja neid m\u00f5tteid, mis klientidega suheldes p\u00e4he tulevad, mille \u00fcle oleme ise k\u00f5vasti pead vaevanud ja ehk \u00fcles riputada ka m\u00f5ned toredad pildid. Lisaks sellele on see ka m\u00e4lestusteraamat, et ei l\u00e4heks meelest ja m\u00e4lust.<\/p>\n<p>Soovime Teile head ja paremat uuel aastal ja pidage siis ikka ka Edasist meeles ja kui on midagi anda, siis andke ikka edasi. Teisis\u00f5nu, et \u00e4rge v\u00f5tke tagasi, midagi, \u00a0mis on juba antud &#8211; ei head s\u00f5na, toredat tegu v\u00f5i naeratust:)<\/p>\n<p>Pererahvas<\/p>\n<p>&nbsp;<\/p>\n<p><a href=\"http:\/\/blogi.annaedasi.ee\/wp-content\/uploads\/2016\/11\/AL21NOV16L070.jpg\"><img loading=\"lazy\" decoding=\"async\" class=\"wp-image-41 alignnone\" src=\"http:\/\/blogi.annaedasi.ee\/wp-content\/uploads\/2016\/11\/AL21NOV16L070-300x200.jpg\" alt=\"\" width=\"437\" height=\"291\" srcset=\"http:\/\/blogi.annaedasi.ee\/wp-content\/uploads\/2016\/11\/AL21NOV16L070-300x200.jpg 300w, http:\/\/blogi.annaedasi.ee\/wp-content\/uploads\/2016\/11\/AL21NOV16L070-768x512.jpg 768w, http:\/\/blogi.annaedasi.ee\/wp-content\/uploads\/2016\/11\/AL21NOV16L070-1024x683.jpg 1024w\" sizes=\"auto, (max-width: 437px) 100vw, 437px\" \/><\/a><\/p>\n","protected":false},"excerpt":{"rendered":"<p>Uuel aastal uue hooga! Kui Te n\u00fc\u00fcd arvate, et Anna Edasi on liikunud edasi eneseimetluse valdkonnas siis eksite. Meie soov on blogis anda edasi m\u00f5tteid ja arvamusi, mitte n\u00e4idata seda, kui ilusad toredad ja head me oleme. See otsustamine j\u00e4\u00e4b pigem Teie kanda. Meie eesm\u00e4rk on siia panna kirja neid m\u00f5tteid, mis klientidega suheldes p\u00e4he [&hellip;]<\/p>\n","protected":false},"author":1,"featured_media":0,"comment_status":"closed","ping_status":"closed","sticky":false,"template":"","format":"standard","meta":{"footnotes":""},"categories":[1],"tags":[],"class_list":["post-20","post","type-post","status-publish","format-standard","hentry","category-uncategorized"],"_links":{"self":[{"href":"http:\/\/blogi.annaedasi.ee\/index.php?rest_route=\/wp\/v2\/posts\/20","targetHints":{"allow":["GET"]}}],"collection":[{"href":"http:\/\/blogi.annaedasi.ee\/index.php?rest_route=\/wp\/v2\/posts"}],"about":[{"href":"http:\/\/blogi.annaedasi.ee\/index.php?rest_route=\/wp\/v2\/types\/post"}],"author":[{"embeddable":true,"href":"http:\/\/blogi.annaedasi.ee\/index.php?rest_route=\/wp\/v2\/users\/1"}],"replies":[{"embeddable":true,"href":"http:\/\/blogi.annaedasi.ee\/index.php?rest_route=%2Fwp%2Fv2%2Fcomments&post=20"}],"version-history":[{"count":6,"href":"http:\/\/blogi.annaedasi.ee\/index.php?rest_route=\/wp\/v2\/posts\/20\/revisions"}],"predecessor-version":[{"id":37,"href":"http:\/\/blogi.annaedasi.ee\/index.php?rest_route=\/wp\/v2\/posts\/20\/revisions\/37"}],"wp:attachment":[{"href":"http:\/\/blogi.annaedasi.ee\/index.php?rest_route=%2Fwp%2Fv2%2Fmedia&parent=20"}],"wp:term":[{"taxonomy":"category","embeddable":true,"href":"http:\/\/blogi.annaedasi.ee\/index.php?rest_route=%2Fwp%2Fv2%2Fcategories&post=20"},{"taxonomy":"post_tag","embeddable":true,"href":"http:\/\/blogi.annaedasi.ee\/index.php?rest_route=%2Fwp%2Fv2%2Ftags&post=20"}],"curies":[{"name":"wp","href":"https:\/\/api.w.org\/{rel}","templated":true}]}}